{"id":1552,"date":"2021-05-06T09:59:29","date_gmt":"2021-05-06T07:59:29","guid":{"rendered":"https:\/\/simplygest.es\/blogtecnico\/?p=1552"},"modified":"2021-05-06T09:59:30","modified_gmt":"2021-05-06T07:59:30","slug":"no-aparece-la-fecha-o-el-numero-de-factura-al-imprimir-la-factura","status":"publish","type":"post","link":"https:\/\/simplygest.es\/blogtecnico\/no-aparece-la-fecha-o-el-numero-de-factura-al-imprimir-la-factura\/","title":{"rendered":"No aparece la fecha o el n\u00famero de factura al imprimir la factura"},"content":{"rendered":"\n<p>Los datos del documento, como el N\u00ba de Factura, Fecha, etc\u2026 no aparecer\u00e1n hasta que pulse el bot\u00f3n \u00abRealizar Venta\u00bb o \u00abRealizar Compra\u00bb, etc\u2026<br><br>Si pulsa \u00abImprimir\u00bb ANTES de realizar el documento, es normal que no aparezca el n\u00ba de factura, fecha, etc\u2026 Debe realizar el documento para que aparezcan estos datos, ya que hasta que el documento no est\u00e9 confirmado, no tendr\u00e1 su propio n\u00famero de orden, fecha, etc\u2026<br><br><br>Recuerde que NO hace falta imprimir y despu\u00e9s realizar venta. Al pulsar \u00abrealizar venta\u00bb ya se imprime el documento de forma autom\u00e1tica, por lo que no hace falta pulsar \u00abImprimir\u00bb primero.<\/p>\n","protected":false},"excerpt":{"rendered":"<p>Los datos del documento, como el N\u00ba de Factura, Fecha, etc\u2026 no aparecer\u00e1n hasta que pulse el bot\u00f3n \u00abRealizar Venta\u00bb o \u00abRealizar Compra\u00bb, etc\u2026 Si pulsa \u00abImprimir\u00bb ANTES de realizar el documento, es normal que no aparezca el n\u00ba de factura, fecha, etc\u2026 Debe realizar el documento para que aparezcan estos datos, ya que hasta [&hellip;]<\/p>\n","protected":false},"author":1,"featured_media":0,"comment_status":"closed","ping_status":"closed","sticky":false,"template":"","format":"standard","meta":{"footnotes":""},"categories":[55],"tags":[],"class_list":["post-1552","post","type-post","status-publish","format-standard","hentry","category-incidencias-y-errores"],"yoast_head":"<!-- This site is optimized with the Yoast SEO plugin v26.4 - https:\/\/yoast.com\/wordpress\/plugins\/seo\/ -->\r\n<title>No aparece la fecha o el n\u00famero de factura al imprimir la factura | SimplyGest Academy<\/title>\r\n<meta name=\"description\" content=\"No aparece la fecha o el n\u00famero de factura al imprimir la factura | SimplyGest Academy\" \/>\r\n<meta name=\"robots\" content=\"index, follow, max-snippet:-1, max-image-preview:large, max-video-preview:-1\" \/>\r\n<link rel=\"canonical\" href=\"https:\/\/simplygest.es\/blogtecnico\/no-aparece-la-fecha-o-el-numero-de-factura-al-imprimir-la-factura\/\" \/>\r\n<meta property=\"og:locale\" content=\"es_ES\" \/>\r\n<meta property=\"og:type\" content=\"article\" \/>\r\n<meta property=\"og:title\" content=\"No aparece la fecha o el n\u00famero de factura al imprimir la factura | SimplyGest Academy\" \/>\r\n<meta property=\"og:description\" content=\"No aparece la fecha o el n\u00famero de factura al imprimir la factura | SimplyGest Academy\" \/>\r\n<meta property=\"og:url\" content=\"https:\/\/simplygest.es\/blogtecnico\/no-aparece-la-fecha-o-el-numero-de-factura-al-imprimir-la-factura\/\" \/>\r\n<meta property=\"og:site_name\" content=\"SimplyGest Academy\" \/>\r\n<meta property=\"article:publisher\" content=\"https:\/\/www.facebook.com\/simplygest\" \/>\r\n<meta property=\"article:published_time\" content=\"2021-05-06T07:59:29+00:00\" \/>\r\n<meta property=\"article:modified_time\" content=\"2021-05-06T07:59:30+00:00\" \/>\r\n<meta property=\"og:image\" content=\"https:\/\/simplygest.es\/blogtecnico\/wp-content\/uploads\/2023\/07\/logointro.png\" \/>\r\n\t<meta property=\"og:image:width\" content=\"512\" \/>\r\n\t<meta property=\"og:image:height\" content=\"512\" \/>\r\n\t<meta property=\"og:image:type\" content=\"image\/png\" \/>\r\n<meta name=\"author\" content=\"administrator\" \/>\r\n<meta name=\"twitter:card\" content=\"summary_large_image\" \/>\r\n<meta name=\"twitter:creator\" content=\"@simplygest\" \/>\r\n<meta name=\"twitter:site\" content=\"@simplygest\" \/>\r\n<meta name=\"twitter:label1\" content=\"Escrito por\" \/>\n\t<meta name=\"twitter:data1\" content=\"administrator\" \/>\n\t<meta name=\"twitter:label2\" content=\"Tiempo de lectura\" \/>\n\t<meta name=\"twitter:data2\" content=\"1 minuto\" \/>\r\n<script type=\"application\/ld+json\" class=\"yoast-schema-graph\">{\"@context\":\"https:\/\/schema.org\",\"@graph\":[{\"@type\":\"Article\",\"@id\":\"https:\/\/simplygest.es\/blogtecnico\/no-aparece-la-fecha-o-el-numero-de-factura-al-imprimir-la-factura\/#article\",\"isPartOf\":{\"@id\":\"https:\/\/simplygest.es\/blogtecnico\/no-aparece-la-fecha-o-el-numero-de-factura-al-imprimir-la-factura\/\"},\"author\":{\"name\":\"administrator\",\"@id\":\"https:\/\/simplygest.es\/blogtecnico\/#\/schema\/person\/4a875ec2a27d84320a9e98f3c7a56619\"},\"headline\":\"No aparece la fecha o el n\u00famero de factura al imprimir la factura\",\"datePublished\":\"2021-05-06T07:59:29+00:00\",\"dateModified\":\"2021-05-06T07:59:30+00:00\",\"mainEntityOfPage\":{\"@id\":\"https:\/\/simplygest.es\/blogtecnico\/no-aparece-la-fecha-o-el-numero-de-factura-al-imprimir-la-factura\/\"},\"wordCount\":120,\"publisher\":{\"@id\":\"https:\/\/simplygest.es\/blogtecnico\/#organization\"},\"articleSection\":[\"Incidencias y errores\"],\"inLanguage\":\"es\"},{\"@type\":\"WebPage\",\"@id\":\"https:\/\/simplygest.es\/blogtecnico\/no-aparece-la-fecha-o-el-numero-de-factura-al-imprimir-la-factura\/\",\"url\":\"https:\/\/simplygest.es\/blogtecnico\/no-aparece-la-fecha-o-el-numero-de-factura-al-imprimir-la-factura\/\",\"name\":\"No aparece la fecha o el n\u00famero de factura al imprimir la factura | SimplyGest Academy\",\"isPartOf\":{\"@id\":\"https:\/\/simplygest.es\/blogtecnico\/#website\"},\"datePublished\":\"2021-05-06T07:59:29+00:00\",\"dateModified\":\"2021-05-06T07:59:30+00:00\",\"description\":\"No aparece la fecha o el n\u00famero de factura al imprimir la factura | SimplyGest Academy\",\"breadcrumb\":{\"@id\":\"https:\/\/simplygest.es\/blogtecnico\/no-aparece-la-fecha-o-el-numero-de-factura-al-imprimir-la-factura\/#breadcrumb\"},\"inLanguage\":\"es\",\"potentialAction\":[{\"@type\":\"ReadAction\",\"target\":[\"https:\/\/simplygest.es\/blogtecnico\/no-aparece-la-fecha-o-el-numero-de-factura-al-imprimir-la-factura\/\"]}]},{\"@type\":\"BreadcrumbList\",\"@id\":\"https:\/\/simplygest.es\/blogtecnico\/no-aparece-la-fecha-o-el-numero-de-factura-al-imprimir-la-factura\/#breadcrumb\",\"itemListElement\":[{\"@type\":\"ListItem\",\"position\":1,\"name\":\"Portada\",\"item\":\"https:\/\/simplygest.es\/blogtecnico\/\"},{\"@type\":\"ListItem\",\"position\":2,\"name\":\"No aparece la fecha o el n\u00famero de factura al imprimir la factura\"}]},{\"@type\":\"WebSite\",\"@id\":\"https:\/\/simplygest.es\/blogtecnico\/#website\",\"url\":\"https:\/\/simplygest.es\/blogtecnico\/\",\"name\":\"SimplyGest Academy\",\"description\":\"El punto de partida para encontrar respuestas a todas tus dudas\",\"publisher\":{\"@id\":\"https:\/\/simplygest.es\/blogtecnico\/#organization\"},\"potentialAction\":[{\"@type\":\"SearchAction\",\"target\":{\"@type\":\"EntryPoint\",\"urlTemplate\":\"https:\/\/simplygest.es\/blogtecnico\/?s={search_term_string}\"},\"query-input\":{\"@type\":\"PropertyValueSpecification\",\"valueRequired\":true,\"valueName\":\"search_term_string\"}}],\"inLanguage\":\"es\"},{\"@type\":\"Organization\",\"@id\":\"https:\/\/simplygest.es\/blogtecnico\/#organization\",\"name\":\"SimplyGest\",\"url\":\"https:\/\/simplygest.es\/blogtecnico\/\",\"logo\":{\"@type\":\"ImageObject\",\"inLanguage\":\"es\",\"@id\":\"https:\/\/simplygest.es\/blogtecnico\/#\/schema\/logo\/image\/\",\"url\":\"https:\/\/simplygest.es\/blogtecnico\/wp-content\/uploads\/2023\/07\/logointro.png\",\"contentUrl\":\"https:\/\/simplygest.es\/blogtecnico\/wp-content\/uploads\/2023\/07\/logointro.png\",\"width\":512,\"height\":512,\"caption\":\"SimplyGest\"},\"image\":{\"@id\":\"https:\/\/simplygest.es\/blogtecnico\/#\/schema\/logo\/image\/\"},\"sameAs\":[\"https:\/\/www.facebook.com\/simplygest\",\"https:\/\/x.com\/simplygest\"]},{\"@type\":\"Person\",\"@id\":\"https:\/\/simplygest.es\/blogtecnico\/#\/schema\/person\/4a875ec2a27d84320a9e98f3c7a56619\",\"name\":\"administrator\",\"image\":{\"@type\":\"ImageObject\",\"inLanguage\":\"es\",\"@id\":\"https:\/\/simplygest.es\/blogtecnico\/#\/schema\/person\/image\/\",\"url\":\"https:\/\/secure.gravatar.com\/avatar\/7e0fb2e5a6f71e06fd41d2f6a748e325?s=96&d=mm&r=g\",\"contentUrl\":\"https:\/\/secure.gravatar.com\/avatar\/7e0fb2e5a6f71e06fd41d2f6a748e325?s=96&d=mm&r=g\",\"caption\":\"administrator\"},\"url\":\"https:\/\/simplygest.es\/blogtecnico\/author\/administrator\/\"}]}<\/script>\r\n<!-- \/ Yoast SEO plugin. -->","yoast_head_json":{"title":"No aparece la fecha o el n\u00famero de factura al imprimir la factura | SimplyGest Academy","description":"No aparece la fecha o el n\u00famero de factura al imprimir la factura | SimplyGest Academy","robots":{"index":"index","follow":"follow","max-snippet":"max-snippet:-1","max-image-preview":"max-image-preview:large","max-video-preview":"max-video-preview:-1"},"canonical":"https:\/\/simplygest.es\/blogtecnico\/no-aparece-la-fecha-o-el-numero-de-factura-al-imprimir-la-factura\/","og_locale":"es_ES","og_type":"article","og_title":"No aparece la fecha o el n\u00famero de factura al imprimir la factura | SimplyGest Academy","og_description":"No aparece la fecha o el n\u00famero de factura al imprimir la factura | SimplyGest Academy","og_url":"https:\/\/simplygest.es\/blogtecnico\/no-aparece-la-fecha-o-el-numero-de-factura-al-imprimir-la-factura\/","og_site_name":"SimplyGest Academy","article_publisher":"https:\/\/www.facebook.com\/simplygest","article_published_time":"2021-05-06T07:59:29+00:00","article_modified_time":"2021-05-06T07:59:30+00:00","og_image":[{"width":512,"height":512,"url":"https:\/\/simplygest.es\/blogtecnico\/wp-content\/uploads\/2023\/07\/logointro.png","type":"image\/png"}],"author":"administrator","twitter_card":"summary_large_image","twitter_creator":"@simplygest","twitter_site":"@simplygest","twitter_misc":{"Escrito por":"administrator","Tiempo de lectura":"1 minuto"},"schema":{"@context":"https:\/\/schema.org","@graph":[{"@type":"Article","@id":"https:\/\/simplygest.es\/blogtecnico\/no-aparece-la-fecha-o-el-numero-de-factura-al-imprimir-la-factura\/#article","isPartOf":{"@id":"https:\/\/simplygest.es\/blogtecnico\/no-aparece-la-fecha-o-el-numero-de-factura-al-imprimir-la-factura\/"},"author":{"name":"administrator","@id":"https:\/\/simplygest.es\/blogtecnico\/#\/schema\/person\/4a875ec2a27d84320a9e98f3c7a56619"},"headline":"No aparece la fecha o el n\u00famero de factura al imprimir la factura","datePublished":"2021-05-06T07:59:29+00:00","dateModified":"2021-05-06T07:59:30+00:00","mainEntityOfPage":{"@id":"https:\/\/simplygest.es\/blogtecnico\/no-aparece-la-fecha-o-el-numero-de-factura-al-imprimir-la-factura\/"},"wordCount":120,"publisher":{"@id":"https:\/\/simplygest.es\/blogtecnico\/#organization"},"articleSection":["Incidencias y errores"],"inLanguage":"es"},{"@type":"WebPage","@id":"https:\/\/simplygest.es\/blogtecnico\/no-aparece-la-fecha-o-el-numero-de-factura-al-imprimir-la-factura\/","url":"https:\/\/simplygest.es\/blogtecnico\/no-aparece-la-fecha-o-el-numero-de-factura-al-imprimir-la-factura\/","name":"No aparece la fecha o el n\u00famero de factura al imprimir la factura | SimplyGest Academy","isPartOf":{"@id":"https:\/\/simplygest.es\/blogtecnico\/#website"},"datePublished":"2021-05-06T07:59:29+00:00","dateModified":"2021-05-06T07:59:30+00:00","description":"No aparece la fecha o el n\u00famero de factura al imprimir la factura | SimplyGest Academy","breadcrumb":{"@id":"https:\/\/simplygest.es\/blogtecnico\/no-aparece-la-fecha-o-el-numero-de-factura-al-imprimir-la-factura\/#breadcrumb"},"inLanguage":"es","potentialAction":[{"@type":"ReadAction","target":["https:\/\/simplygest.es\/blogtecnico\/no-aparece-la-fecha-o-el-numero-de-factura-al-imprimir-la-factura\/"]}]},{"@type":"BreadcrumbList","@id":"https:\/\/simplygest.es\/blogtecnico\/no-aparece-la-fecha-o-el-numero-de-factura-al-imprimir-la-factura\/#breadcrumb","itemListElement":[{"@type":"ListItem","position":1,"name":"Portada","item":"https:\/\/simplygest.es\/blogtecnico\/"},{"@type":"ListItem","position":2,"name":"No aparece la fecha o el n\u00famero de factura al imprimir la factura"}]},{"@type":"WebSite","@id":"https:\/\/simplygest.es\/blogtecnico\/#website","url":"https:\/\/simplygest.es\/blogtecnico\/","name":"SimplyGest Academy","description":"El punto de partida para encontrar respuestas a todas tus dudas","publisher":{"@id":"https:\/\/simplygest.es\/blogtecnico\/#organization"},"potentialAction":[{"@type":"SearchAction","target":{"@type":"EntryPoint","urlTemplate":"https:\/\/simplygest.es\/blogtecnico\/?s={search_term_string}"},"query-input":{"@type":"PropertyValueSpecification","valueRequired":true,"valueName":"search_term_string"}}],"inLanguage":"es"},{"@type":"Organization","@id":"https:\/\/simplygest.es\/blogtecnico\/#organization","name":"SimplyGest","url":"https:\/\/simplygest.es\/blogtecnico\/","logo":{"@type":"ImageObject","inLanguage":"es","@id":"https:\/\/simplygest.es\/blogtecnico\/#\/schema\/logo\/image\/","url":"https:\/\/simplygest.es\/blogtecnico\/wp-content\/uploads\/2023\/07\/logointro.png","contentUrl":"https:\/\/simplygest.es\/blogtecnico\/wp-content\/uploads\/2023\/07\/logointro.png","width":512,"height":512,"caption":"SimplyGest"},"image":{"@id":"https:\/\/simplygest.es\/blogtecnico\/#\/schema\/logo\/image\/"},"sameAs":["https:\/\/www.facebook.com\/simplygest","https:\/\/x.com\/simplygest"]},{"@type":"Person","@id":"https:\/\/simplygest.es\/blogtecnico\/#\/schema\/person\/4a875ec2a27d84320a9e98f3c7a56619","name":"administrator","image":{"@type":"ImageObject","inLanguage":"es","@id":"https:\/\/simplygest.es\/blogtecnico\/#\/schema\/person\/image\/","url":"https:\/\/secure.gravatar.com\/avatar\/7e0fb2e5a6f71e06fd41d2f6a748e325?s=96&d=mm&r=g","contentUrl":"https:\/\/secure.gravatar.com\/avatar\/7e0fb2e5a6f71e06fd41d2f6a748e325?s=96&d=mm&r=g","caption":"administrator"},"url":"https:\/\/simplygest.es\/blogtecnico\/author\/administrator\/"}]}},"_links":{"self":[{"href":"https:\/\/simplygest.es\/blogtecnico\/wp-json\/wp\/v2\/posts\/1552","targetHints":{"allow":["GET"]}}],"collection":[{"href":"https:\/\/simplygest.es\/blogtecnico\/wp-json\/wp\/v2\/posts"}],"about":[{"href":"https:\/\/simplygest.es\/blogtecnico\/wp-json\/wp\/v2\/types\/post"}],"author":[{"embeddable":true,"href":"https:\/\/simplygest.es\/blogtecnico\/wp-json\/wp\/v2\/users\/1"}],"replies":[{"embeddable":true,"href":"https:\/\/simplygest.es\/blogtecnico\/wp-json\/wp\/v2\/comments?post=1552"}],"version-history":[{"count":1,"href":"https:\/\/simplygest.es\/blogtecnico\/wp-json\/wp\/v2\/posts\/1552\/revisions"}],"predecessor-version":[{"id":1553,"href":"https:\/\/simplygest.es\/blogtecnico\/wp-json\/wp\/v2\/posts\/1552\/revisions\/1553"}],"wp:attachment":[{"href":"https:\/\/simplygest.es\/blogtecnico\/wp-json\/wp\/v2\/media?parent=1552"}],"wp:term":[{"taxonomy":"category","embeddable":true,"href":"https:\/\/simplygest.es\/blogtecnico\/wp-json\/wp\/v2\/categories?post=1552"},{"taxonomy":"post_tag","embeddable":true,"href":"https:\/\/simplygest.es\/blogtecnico\/wp-json\/wp\/v2\/tags?post=1552"}],"curies":[{"name":"wp","href":"https:\/\/api.w.org\/{rel}","templated":true}]}}