{"id":1513,"date":"2021-05-06T09:43:53","date_gmt":"2021-05-06T07:43:53","guid":{"rendered":"https:\/\/simplygest.es\/blogtecnico\/?p=1513"},"modified":"2021-05-06T09:43:55","modified_gmt":"2021-05-06T07:43:55","slug":"ya-tengo-la-version-estandar-puedo-instalar-la-profesional-o-la-tallas-y-colores-etc","status":"publish","type":"post","link":"https:\/\/simplygest.es\/blogtecnico\/ya-tengo-la-version-estandar-puedo-instalar-la-profesional-o-la-tallas-y-colores-etc\/","title":{"rendered":"Ya tengo la versi\u00f3n Est\u00e1ndar&#8230; \u00bfPuedo instalar la Profesional, o la Tallas y Colores, etc.?"},"content":{"rendered":"\n<p>No hay ning\u00fan problema en cambiar la versi\u00f3n de <strong>SimplyGest<\/strong> a una versi\u00f3n superior (de Est\u00e1ndar a Profesional, o de Profesional a Tallas y Colores).<br><\/p>\n\n\n\n<p><br><br>Los datos se conservar\u00e1n siempre, ya que lo \u00fanico que cambia es la interfaz del programa y sus opciones. La base de datos es casi la misma para las 3 versiones, con una serie de modificaciones que el propio programa se encargar\u00e1 de realizar cuando instale la nueva versi\u00f3n, respetando todos los datos que ya tuviera de la versi\u00f3n anterior.<br><\/p>\n\n\n\n<p><br><br>Si decide utilizar una versi\u00f3n superior, s\u00f3lo tendr\u00e1 que pagar la diferencia de precio entre una y otra vigente en ese momento.<\/p>\n","protected":false},"excerpt":{"rendered":"<p>No hay ning\u00fan problema en cambiar la versi\u00f3n de SimplyGest a una versi\u00f3n superior (de Est\u00e1ndar a Profesional, o de Profesional a Tallas y Colores). Los datos se conservar\u00e1n siempre, ya que lo \u00fanico que cambia es la interfaz del programa y sus opciones. La base de datos es casi la misma para las 3 [&hellip;]<\/p>\n","protected":false},"author":1,"featured_media":0,"comment_status":"closed","ping_status":"closed","sticky":false,"template":"","format":"standard","meta":{"footnotes":""},"categories":[52],"tags":[],"class_list":["post-1513","post","type-post","status-publish","format-standard","hentry","category-info-comercial-contratacion-activacion-y-traslado-de-licencias-etc"],"yoast_head":"<!-- This site is optimized with the Yoast SEO plugin v26.4 - https:\/\/yoast.com\/wordpress\/plugins\/seo\/ -->\r\n<title>Ya tengo la versi\u00f3n Est\u00e1ndar... \u00bfPuedo instalar la Profesional, o la Tallas y Colores, etc.? | SimplyGest Academy<\/title>\r\n<meta name=\"description\" content=\"Ya tengo la versi\u00f3n Est\u00e1ndar... \u00bfPuedo instalar la Profesional, o la Tallas y Colores, etc.? | SimplyGest Academy\" \/>\r\n<meta name=\"robots\" content=\"index, follow, max-snippet:-1, max-image-preview:large, max-video-preview:-1\" \/>\r\n<link rel=\"canonical\" href=\"https:\/\/simplygest.es\/blogtecnico\/ya-tengo-la-version-estandar-puedo-instalar-la-profesional-o-la-tallas-y-colores-etc\/\" \/>\r\n<meta property=\"og:locale\" content=\"es_ES\" \/>\r\n<meta property=\"og:type\" content=\"article\" \/>\r\n<meta property=\"og:title\" content=\"Ya tengo la versi\u00f3n Est\u00e1ndar... \u00bfPuedo instalar la Profesional, o la Tallas y Colores, etc.? | SimplyGest Academy\" \/>\r\n<meta property=\"og:description\" content=\"Ya tengo la versi\u00f3n Est\u00e1ndar... \u00bfPuedo instalar la Profesional, o la Tallas y Colores, etc.? | SimplyGest Academy\" \/>\r\n<meta property=\"og:url\" content=\"https:\/\/simplygest.es\/blogtecnico\/ya-tengo-la-version-estandar-puedo-instalar-la-profesional-o-la-tallas-y-colores-etc\/\" \/>\r\n<meta property=\"og:site_name\" content=\"SimplyGest Academy\" \/>\r\n<meta property=\"article:publisher\" content=\"https:\/\/www.facebook.com\/simplygest\" \/>\r\n<meta property=\"article:published_time\" content=\"2021-05-06T07:43:53+00:00\" \/>\r\n<meta property=\"article:modified_time\" content=\"2021-05-06T07:43:55+00:00\" \/>\r\n<meta property=\"og:image\" content=\"https:\/\/simplygest.es\/blogtecnico\/wp-content\/uploads\/2023\/07\/logointro.png\" \/>\r\n\t<meta property=\"og:image:width\" content=\"512\" \/>\r\n\t<meta property=\"og:image:height\" content=\"512\" \/>\r\n\t<meta property=\"og:image:type\" content=\"image\/png\" \/>\r\n<meta name=\"author\" content=\"administrator\" \/>\r\n<meta name=\"twitter:card\" content=\"summary_large_image\" \/>\r\n<meta name=\"twitter:creator\" content=\"@simplygest\" \/>\r\n<meta name=\"twitter:site\" content=\"@simplygest\" \/>\r\n<meta name=\"twitter:label1\" content=\"Escrito por\" \/>\n\t<meta name=\"twitter:data1\" content=\"administrator\" \/>\n\t<meta name=\"twitter:label2\" content=\"Tiempo de lectura\" \/>\n\t<meta name=\"twitter:data2\" content=\"1 minuto\" \/>\r\n<script type=\"application\/ld+json\" class=\"yoast-schema-graph\">{\"@context\":\"https:\/\/schema.org\",\"@graph\":[{\"@type\":\"Article\",\"@id\":\"https:\/\/simplygest.es\/blogtecnico\/ya-tengo-la-version-estandar-puedo-instalar-la-profesional-o-la-tallas-y-colores-etc\/#article\",\"isPartOf\":{\"@id\":\"https:\/\/simplygest.es\/blogtecnico\/ya-tengo-la-version-estandar-puedo-instalar-la-profesional-o-la-tallas-y-colores-etc\/\"},\"author\":{\"name\":\"administrator\",\"@id\":\"https:\/\/simplygest.es\/blogtecnico\/#\/schema\/person\/4a875ec2a27d84320a9e98f3c7a56619\"},\"headline\":\"Ya tengo la versi\u00f3n Est\u00e1ndar&#8230; \u00bfPuedo instalar la Profesional, o la Tallas y Colores, etc.?\",\"datePublished\":\"2021-05-06T07:43:53+00:00\",\"dateModified\":\"2021-05-06T07:43:55+00:00\",\"mainEntityOfPage\":{\"@id\":\"https:\/\/simplygest.es\/blogtecnico\/ya-tengo-la-version-estandar-puedo-instalar-la-profesional-o-la-tallas-y-colores-etc\/\"},\"wordCount\":132,\"publisher\":{\"@id\":\"https:\/\/simplygest.es\/blogtecnico\/#organization\"},\"articleSection\":[\"Info Comercial: Contrataci\u00f3n, activaci\u00f3n y traslado de licencias, etc...\"],\"inLanguage\":\"es\"},{\"@type\":\"WebPage\",\"@id\":\"https:\/\/simplygest.es\/blogtecnico\/ya-tengo-la-version-estandar-puedo-instalar-la-profesional-o-la-tallas-y-colores-etc\/\",\"url\":\"https:\/\/simplygest.es\/blogtecnico\/ya-tengo-la-version-estandar-puedo-instalar-la-profesional-o-la-tallas-y-colores-etc\/\",\"name\":\"Ya tengo la versi\u00f3n Est\u00e1ndar... \u00bfPuedo instalar la Profesional, o la Tallas y Colores, etc.? | SimplyGest Academy\",\"isPartOf\":{\"@id\":\"https:\/\/simplygest.es\/blogtecnico\/#website\"},\"datePublished\":\"2021-05-06T07:43:53+00:00\",\"dateModified\":\"2021-05-06T07:43:55+00:00\",\"description\":\"Ya tengo la versi\u00f3n Est\u00e1ndar... \u00bfPuedo instalar la Profesional, o la Tallas y Colores, etc.? | SimplyGest Academy\",\"breadcrumb\":{\"@id\":\"https:\/\/simplygest.es\/blogtecnico\/ya-tengo-la-version-estandar-puedo-instalar-la-profesional-o-la-tallas-y-colores-etc\/#breadcrumb\"},\"inLanguage\":\"es\",\"potentialAction\":[{\"@type\":\"ReadAction\",\"target\":[\"https:\/\/simplygest.es\/blogtecnico\/ya-tengo-la-version-estandar-puedo-instalar-la-profesional-o-la-tallas-y-colores-etc\/\"]}]},{\"@type\":\"BreadcrumbList\",\"@id\":\"https:\/\/simplygest.es\/blogtecnico\/ya-tengo-la-version-estandar-puedo-instalar-la-profesional-o-la-tallas-y-colores-etc\/#breadcrumb\",\"itemListElement\":[{\"@type\":\"ListItem\",\"position\":1,\"name\":\"Portada\",\"item\":\"https:\/\/simplygest.es\/blogtecnico\/\"},{\"@type\":\"ListItem\",\"position\":2,\"name\":\"Ya tengo la versi\u00f3n Est\u00e1ndar&#8230; \u00bfPuedo instalar la Profesional, o la Tallas y Colores, etc.?\"}]},{\"@type\":\"WebSite\",\"@id\":\"https:\/\/simplygest.es\/blogtecnico\/#website\",\"url\":\"https:\/\/simplygest.es\/blogtecnico\/\",\"name\":\"SimplyGest Academy\",\"description\":\"El punto de partida para encontrar respuestas a todas tus dudas\",\"publisher\":{\"@id\":\"https:\/\/simplygest.es\/blogtecnico\/#organization\"},\"potentialAction\":[{\"@type\":\"SearchAction\",\"target\":{\"@type\":\"EntryPoint\",\"urlTemplate\":\"https:\/\/simplygest.es\/blogtecnico\/?s={search_term_string}\"},\"query-input\":{\"@type\":\"PropertyValueSpecification\",\"valueRequired\":true,\"valueName\":\"search_term_string\"}}],\"inLanguage\":\"es\"},{\"@type\":\"Organization\",\"@id\":\"https:\/\/simplygest.es\/blogtecnico\/#organization\",\"name\":\"SimplyGest\",\"url\":\"https:\/\/simplygest.es\/blogtecnico\/\",\"logo\":{\"@type\":\"ImageObject\",\"inLanguage\":\"es\",\"@id\":\"https:\/\/simplygest.es\/blogtecnico\/#\/schema\/logo\/image\/\",\"url\":\"https:\/\/simplygest.es\/blogtecnico\/wp-content\/uploads\/2023\/07\/logointro.png\",\"contentUrl\":\"https:\/\/simplygest.es\/blogtecnico\/wp-content\/uploads\/2023\/07\/logointro.png\",\"width\":512,\"height\":512,\"caption\":\"SimplyGest\"},\"image\":{\"@id\":\"https:\/\/simplygest.es\/blogtecnico\/#\/schema\/logo\/image\/\"},\"sameAs\":[\"https:\/\/www.facebook.com\/simplygest\",\"https:\/\/x.com\/simplygest\"]},{\"@type\":\"Person\",\"@id\":\"https:\/\/simplygest.es\/blogtecnico\/#\/schema\/person\/4a875ec2a27d84320a9e98f3c7a56619\",\"name\":\"administrator\",\"image\":{\"@type\":\"ImageObject\",\"inLanguage\":\"es\",\"@id\":\"https:\/\/simplygest.es\/blogtecnico\/#\/schema\/person\/image\/\",\"url\":\"https:\/\/secure.gravatar.com\/avatar\/7e0fb2e5a6f71e06fd41d2f6a748e325?s=96&d=mm&r=g\",\"contentUrl\":\"https:\/\/secure.gravatar.com\/avatar\/7e0fb2e5a6f71e06fd41d2f6a748e325?s=96&d=mm&r=g\",\"caption\":\"administrator\"},\"url\":\"https:\/\/simplygest.es\/blogtecnico\/author\/administrator\/\"}]}<\/script>\r\n<!-- \/ Yoast SEO plugin. -->","yoast_head_json":{"title":"Ya tengo la versi\u00f3n Est\u00e1ndar... \u00bfPuedo instalar la Profesional, o la Tallas y Colores, etc.? | SimplyGest Academy","description":"Ya tengo la versi\u00f3n Est\u00e1ndar... \u00bfPuedo instalar la Profesional, o la Tallas y Colores, etc.? | SimplyGest Academy","robots":{"index":"index","follow":"follow","max-snippet":"max-snippet:-1","max-image-preview":"max-image-preview:large","max-video-preview":"max-video-preview:-1"},"canonical":"https:\/\/simplygest.es\/blogtecnico\/ya-tengo-la-version-estandar-puedo-instalar-la-profesional-o-la-tallas-y-colores-etc\/","og_locale":"es_ES","og_type":"article","og_title":"Ya tengo la versi\u00f3n Est\u00e1ndar... \u00bfPuedo instalar la Profesional, o la Tallas y Colores, etc.? | SimplyGest Academy","og_description":"Ya tengo la versi\u00f3n Est\u00e1ndar... \u00bfPuedo instalar la Profesional, o la Tallas y Colores, etc.? | SimplyGest Academy","og_url":"https:\/\/simplygest.es\/blogtecnico\/ya-tengo-la-version-estandar-puedo-instalar-la-profesional-o-la-tallas-y-colores-etc\/","og_site_name":"SimplyGest Academy","article_publisher":"https:\/\/www.facebook.com\/simplygest","article_published_time":"2021-05-06T07:43:53+00:00","article_modified_time":"2021-05-06T07:43:55+00:00","og_image":[{"width":512,"height":512,"url":"https:\/\/simplygest.es\/blogtecnico\/wp-content\/uploads\/2023\/07\/logointro.png","type":"image\/png"}],"author":"administrator","twitter_card":"summary_large_image","twitter_creator":"@simplygest","twitter_site":"@simplygest","twitter_misc":{"Escrito por":"administrator","Tiempo de lectura":"1 minuto"},"schema":{"@context":"https:\/\/schema.org","@graph":[{"@type":"Article","@id":"https:\/\/simplygest.es\/blogtecnico\/ya-tengo-la-version-estandar-puedo-instalar-la-profesional-o-la-tallas-y-colores-etc\/#article","isPartOf":{"@id":"https:\/\/simplygest.es\/blogtecnico\/ya-tengo-la-version-estandar-puedo-instalar-la-profesional-o-la-tallas-y-colores-etc\/"},"author":{"name":"administrator","@id":"https:\/\/simplygest.es\/blogtecnico\/#\/schema\/person\/4a875ec2a27d84320a9e98f3c7a56619"},"headline":"Ya tengo la versi\u00f3n Est\u00e1ndar&#8230; \u00bfPuedo instalar la Profesional, o la Tallas y Colores, etc.?","datePublished":"2021-05-06T07:43:53+00:00","dateModified":"2021-05-06T07:43:55+00:00","mainEntityOfPage":{"@id":"https:\/\/simplygest.es\/blogtecnico\/ya-tengo-la-version-estandar-puedo-instalar-la-profesional-o-la-tallas-y-colores-etc\/"},"wordCount":132,"publisher":{"@id":"https:\/\/simplygest.es\/blogtecnico\/#organization"},"articleSection":["Info Comercial: Contrataci\u00f3n, activaci\u00f3n y traslado de licencias, etc..."],"inLanguage":"es"},{"@type":"WebPage","@id":"https:\/\/simplygest.es\/blogtecnico\/ya-tengo-la-version-estandar-puedo-instalar-la-profesional-o-la-tallas-y-colores-etc\/","url":"https:\/\/simplygest.es\/blogtecnico\/ya-tengo-la-version-estandar-puedo-instalar-la-profesional-o-la-tallas-y-colores-etc\/","name":"Ya tengo la versi\u00f3n Est\u00e1ndar... \u00bfPuedo instalar la Profesional, o la Tallas y Colores, etc.? | SimplyGest Academy","isPartOf":{"@id":"https:\/\/simplygest.es\/blogtecnico\/#website"},"datePublished":"2021-05-06T07:43:53+00:00","dateModified":"2021-05-06T07:43:55+00:00","description":"Ya tengo la versi\u00f3n Est\u00e1ndar... \u00bfPuedo instalar la Profesional, o la Tallas y Colores, etc.? | SimplyGest Academy","breadcrumb":{"@id":"https:\/\/simplygest.es\/blogtecnico\/ya-tengo-la-version-estandar-puedo-instalar-la-profesional-o-la-tallas-y-colores-etc\/#breadcrumb"},"inLanguage":"es","potentialAction":[{"@type":"ReadAction","target":["https:\/\/simplygest.es\/blogtecnico\/ya-tengo-la-version-estandar-puedo-instalar-la-profesional-o-la-tallas-y-colores-etc\/"]}]},{"@type":"BreadcrumbList","@id":"https:\/\/simplygest.es\/blogtecnico\/ya-tengo-la-version-estandar-puedo-instalar-la-profesional-o-la-tallas-y-colores-etc\/#breadcrumb","itemListElement":[{"@type":"ListItem","position":1,"name":"Portada","item":"https:\/\/simplygest.es\/blogtecnico\/"},{"@type":"ListItem","position":2,"name":"Ya tengo la versi\u00f3n Est\u00e1ndar&#8230; \u00bfPuedo instalar la Profesional, o la Tallas y Colores, etc.?"}]},{"@type":"WebSite","@id":"https:\/\/simplygest.es\/blogtecnico\/#website","url":"https:\/\/simplygest.es\/blogtecnico\/","name":"SimplyGest Academy","description":"El punto de partida para encontrar respuestas a todas tus dudas","publisher":{"@id":"https:\/\/simplygest.es\/blogtecnico\/#organization"},"potentialAction":[{"@type":"SearchAction","target":{"@type":"EntryPoint","urlTemplate":"https:\/\/simplygest.es\/blogtecnico\/?s={search_term_string}"},"query-input":{"@type":"PropertyValueSpecification","valueRequired":true,"valueName":"search_term_string"}}],"inLanguage":"es"},{"@type":"Organization","@id":"https:\/\/simplygest.es\/blogtecnico\/#organization","name":"SimplyGest","url":"https:\/\/simplygest.es\/blogtecnico\/","logo":{"@type":"ImageObject","inLanguage":"es","@id":"https:\/\/simplygest.es\/blogtecnico\/#\/schema\/logo\/image\/","url":"https:\/\/simplygest.es\/blogtecnico\/wp-content\/uploads\/2023\/07\/logointro.png","contentUrl":"https:\/\/simplygest.es\/blogtecnico\/wp-content\/uploads\/2023\/07\/logointro.png","width":512,"height":512,"caption":"SimplyGest"},"image":{"@id":"https:\/\/simplygest.es\/blogtecnico\/#\/schema\/logo\/image\/"},"sameAs":["https:\/\/www.facebook.com\/simplygest","https:\/\/x.com\/simplygest"]},{"@type":"Person","@id":"https:\/\/simplygest.es\/blogtecnico\/#\/schema\/person\/4a875ec2a27d84320a9e98f3c7a56619","name":"administrator","image":{"@type":"ImageObject","inLanguage":"es","@id":"https:\/\/simplygest.es\/blogtecnico\/#\/schema\/person\/image\/","url":"https:\/\/secure.gravatar.com\/avatar\/7e0fb2e5a6f71e06fd41d2f6a748e325?s=96&d=mm&r=g","contentUrl":"https:\/\/secure.gravatar.com\/avatar\/7e0fb2e5a6f71e06fd41d2f6a748e325?s=96&d=mm&r=g","caption":"administrator"},"url":"https:\/\/simplygest.es\/blogtecnico\/author\/administrator\/"}]}},"_links":{"self":[{"href":"https:\/\/simplygest.es\/blogtecnico\/wp-json\/wp\/v2\/posts\/1513","targetHints":{"allow":["GET"]}}],"collection":[{"href":"https:\/\/simplygest.es\/blogtecnico\/wp-json\/wp\/v2\/posts"}],"about":[{"href":"https:\/\/simplygest.es\/blogtecnico\/wp-json\/wp\/v2\/types\/post"}],"author":[{"embeddable":true,"href":"https:\/\/simplygest.es\/blogtecnico\/wp-json\/wp\/v2\/users\/1"}],"replies":[{"embeddable":true,"href":"https:\/\/simplygest.es\/blogtecnico\/wp-json\/wp\/v2\/comments?post=1513"}],"version-history":[{"count":1,"href":"https:\/\/simplygest.es\/blogtecnico\/wp-json\/wp\/v2\/posts\/1513\/revisions"}],"predecessor-version":[{"id":1514,"href":"https:\/\/simplygest.es\/blogtecnico\/wp-json\/wp\/v2\/posts\/1513\/revisions\/1514"}],"wp:attachment":[{"href":"https:\/\/simplygest.es\/blogtecnico\/wp-json\/wp\/v2\/media?parent=1513"}],"wp:term":[{"taxonomy":"category","embeddable":true,"href":"https:\/\/simplygest.es\/blogtecnico\/wp-json\/wp\/v2\/categories?post=1513"},{"taxonomy":"post_tag","embeddable":true,"href":"https:\/\/simplygest.es\/blogtecnico\/wp-json\/wp\/v2\/tags?post=1513"}],"curies":[{"name":"wp","href":"https:\/\/api.w.org\/{rel}","templated":true}]}}